{"id":236010,"date":"2025-04-01T15:56:00","date_gmt":"2025-04-01T15:56:00","guid":{"rendered":"https:\/\/www.softswiss.com\/news\/barrichello-sigma-americas-2025-keynote-speech\/"},"modified":"2025-04-01T15:56:00","modified_gmt":"2025-04-01T15:56:00","slug":"barrichello-sigma-americas-2025-keynote-speech","status":"publish","type":"post","link":"https:\/\/www.softswiss.com\/es\/news\/barrichello-sigma-americas-2025-keynote-speech\/","title":{"rendered":"Rubens Barrichello inaugurar\u00e1 SiGMA Americas 2025 con un discurso principal"},"content":{"rendered":"<?xml encoding=\"UTF-8\"><p><strong>El legendario piloto de automovilismo y Director No Ejecutivo en Am&eacute;rica Latina de SOFTSWISS, Rubens Barrichello, subir&aacute; al escenario de SiGMA Americas 2025 con un inspirador discurso de apertura el 8 de abril, primer d&iacute;a del evento.<\/strong><\/p>\n","protected":false},"excerpt":{"rendered":"","protected":false},"author":43,"featured_media":235436,"comment_status":"closed","ping_status":"closed","sticky":false,"template":"","format":"standard","meta":{"_acf_changed":false,"limit_modified_date":"1","last_modified_date":"","ep_exclude_from_search":false,"footnotes":""},"categories":[152],"tags":[],"class_list":["post-236010","post","type-post","status-publish","format-standard","has-post-thumbnail","hentry","category-news"],"acf":[],"yoast_head":"<!-- This site is optimized with the Yoast SEO plugin v27.3 - https:\/\/yoast.com\/product\/yoast-seo-wordpress\/ -->\n<title>Rubens Barrichello inaugurar\u00e1 SiGMA Americas 2025 | SOFTSWISS<\/title>\n<meta name=\"description\" content=\"Rubens Barrichello, Director No Ejecutivo en Am\u00e9rica Latina de SOFTSWISS, dar\u00e1 un inspirador discurso en la apertura del evento el 8 de abril.\" \/>\n<meta name=\"robots\" content=\"index, follow, max-snippet:-1, max-image-preview:large, max-video-preview:-1\" \/>\n<link rel=\"canonical\" href=\"https:\/\/www.softswiss.com\/es\/news\/barrichello-sigma-americas-2025-keynote-speech\/\" \/>\n<meta property=\"og:locale\" content=\"es_ES\" \/>\n<meta property=\"og:type\" content=\"article\" \/>\n<meta property=\"og:title\" content=\"Rubens Barrichello inaugurar\u00e1 SiGMA Americas 2025 | SOFTSWISS\" \/>\n<meta property=\"og:description\" content=\"Rubens Barrichello, Director No Ejecutivo en Am\u00e9rica Latina de SOFTSWISS, dar\u00e1 un inspirador discurso en la apertura del evento el 8 de abril.\" \/>\n<meta property=\"og:url\" content=\"https:\/\/www.softswiss.com\/es\/news\/barrichello-sigma-americas-2025-keynote-speech\/\" \/>\n<meta property=\"og:site_name\" content=\"SOFTSWISS\" \/>\n<meta property=\"article:published_time\" content=\"2025-04-01T15:56:00+00:00\" \/>\n<meta property=\"og:image\" content=\"https:\/\/www.softswiss.com\/wp-content\/uploads\/2025\/04\/1200x627.webp\" \/>\n\t<meta property=\"og:image:width\" content=\"1200\" \/>\n\t<meta property=\"og:image:height\" content=\"627\" \/>\n\t<meta property=\"og:image:type\" content=\"image\/webp\" \/>\n<meta name=\"author\" content=\"Pavel Mikhalenia\" \/>\n<meta name=\"twitter:card\" content=\"summary_large_image\" \/>\n<meta name=\"twitter:label1\" content=\"Escrito por\" \/>\n\t<meta name=\"twitter:data1\" content=\"Pavel Mikhalenia\" \/>\n<script type=\"application\/ld+json\" class=\"yoast-schema-graph\">{\"@context\":\"https:\\\/\\\/schema.org\",\"@graph\":[{\"@type\":\"Article\",\"@id\":\"https:\\\/\\\/www.softswiss.com\\\/es\\\/news\\\/barrichello-sigma-americas-2025-keynote-speech\\\/#article\",\"isPartOf\":{\"@id\":\"https:\\\/\\\/www.softswiss.com\\\/es\\\/news\\\/barrichello-sigma-americas-2025-keynote-speech\\\/\"},\"author\":{\"name\":\"Pavel Mikhalenia\",\"@id\":\"https:\\\/\\\/www.softswiss.com\\\/es\\\/#\\\/schema\\\/person\\\/0131b122a5cd1ff8522006d3169f3d9b\"},\"headline\":\"Rubens Barrichello inaugurar\u00e1 SiGMA Americas 2025 con un discurso principal\",\"datePublished\":\"2025-04-01T15:56:00+00:00\",\"mainEntityOfPage\":{\"@id\":\"https:\\\/\\\/www.softswiss.com\\\/es\\\/news\\\/barrichello-sigma-americas-2025-keynote-speech\\\/\"},\"wordCount\":46,\"publisher\":{\"@id\":\"https:\\\/\\\/www.softswiss.com\\\/es\\\/#organization\"},\"image\":{\"@id\":\"https:\\\/\\\/www.softswiss.com\\\/es\\\/news\\\/barrichello-sigma-americas-2025-keynote-speech\\\/#primaryimage\"},\"thumbnailUrl\":\"https:\\\/\\\/www.softswiss.com\\\/wp-content\\\/uploads\\\/2025\\\/04\\\/1200x800-no-text-1.webp\",\"articleSection\":[\"Noticias\"],\"inLanguage\":\"es\"},{\"@type\":\"WebPage\",\"@id\":\"https:\\\/\\\/www.softswiss.com\\\/es\\\/news\\\/barrichello-sigma-americas-2025-keynote-speech\\\/\",\"url\":\"https:\\\/\\\/www.softswiss.com\\\/es\\\/news\\\/barrichello-sigma-americas-2025-keynote-speech\\\/\",\"name\":\"Rubens Barrichello inaugurar\u00e1 SiGMA Americas 2025 | SOFTSWISS\",\"isPartOf\":{\"@id\":\"https:\\\/\\\/www.softswiss.com\\\/es\\\/#website\"},\"primaryImageOfPage\":{\"@id\":\"https:\\\/\\\/www.softswiss.com\\\/es\\\/news\\\/barrichello-sigma-americas-2025-keynote-speech\\\/#primaryimage\"},\"image\":{\"@id\":\"https:\\\/\\\/www.softswiss.com\\\/es\\\/news\\\/barrichello-sigma-americas-2025-keynote-speech\\\/#primaryimage\"},\"thumbnailUrl\":\"https:\\\/\\\/www.softswiss.com\\\/wp-content\\\/uploads\\\/2025\\\/04\\\/1200x800-no-text-1.webp\",\"datePublished\":\"2025-04-01T15:56:00+00:00\",\"description\":\"Rubens Barrichello, Director No Ejecutivo en Am\u00e9rica Latina de SOFTSWISS, dar\u00e1 un inspirador discurso en la apertura del evento el 8 de abril.\",\"breadcrumb\":{\"@id\":\"https:\\\/\\\/www.softswiss.com\\\/es\\\/news\\\/barrichello-sigma-americas-2025-keynote-speech\\\/#breadcrumb\"},\"inLanguage\":\"es\",\"potentialAction\":[{\"@type\":\"ReadAction\",\"target\":[\"https:\\\/\\\/www.softswiss.com\\\/es\\\/news\\\/barrichello-sigma-americas-2025-keynote-speech\\\/\"]}]},{\"@type\":\"ImageObject\",\"inLanguage\":\"es\",\"@id\":\"https:\\\/\\\/www.softswiss.com\\\/es\\\/news\\\/barrichello-sigma-americas-2025-keynote-speech\\\/#primaryimage\",\"url\":\"https:\\\/\\\/www.softswiss.com\\\/wp-content\\\/uploads\\\/2025\\\/04\\\/1200x800-no-text-1.webp\",\"contentUrl\":\"https:\\\/\\\/www.softswiss.com\\\/wp-content\\\/uploads\\\/2025\\\/04\\\/1200x800-no-text-1.webp\",\"width\":1200,\"height\":800,\"caption\":\"Rubens Barrichello and SOFTSWISS Logo\"},{\"@type\":\"BreadcrumbList\",\"@id\":\"https:\\\/\\\/www.softswiss.com\\\/es\\\/news\\\/barrichello-sigma-americas-2025-keynote-speech\\\/#breadcrumb\",\"itemListElement\":[{\"@type\":\"ListItem\",\"position\":1,\"name\":\"Home\",\"item\":\"https:\\\/\\\/www.softswiss.com\\\/es\\\/\"},{\"@type\":\"ListItem\",\"position\":2,\"name\":\"Rubens Barrichello inaugurar\u00e1 SiGMA Americas 2025 con un discurso principal\"}]},{\"@type\":\"WebSite\",\"@id\":\"https:\\\/\\\/www.softswiss.com\\\/es\\\/#website\",\"url\":\"https:\\\/\\\/www.softswiss.com\\\/es\\\/\",\"name\":\"SOFTSWISS\",\"description\":\"iGaming software provider\",\"publisher\":{\"@id\":\"https:\\\/\\\/www.softswiss.com\\\/es\\\/#organization\"},\"potentialAction\":[{\"@type\":\"SearchAction\",\"target\":{\"@type\":\"EntryPoint\",\"urlTemplate\":\"https:\\\/\\\/www.softswiss.com\\\/es\\\/?s={search_term_string}\"},\"query-input\":{\"@type\":\"PropertyValueSpecification\",\"valueRequired\":true,\"valueName\":\"search_term_string\"}}],\"inLanguage\":\"es\"},{\"@type\":\"Organization\",\"@id\":\"https:\\\/\\\/www.softswiss.com\\\/es\\\/#organization\",\"name\":\"SOFTSWISS\",\"url\":\"https:\\\/\\\/www.softswiss.com\\\/es\\\/\",\"logo\":{\"@type\":\"ImageObject\",\"inLanguage\":\"es\",\"@id\":\"https:\\\/\\\/www.softswiss.com\\\/es\\\/#\\\/schema\\\/logo\\\/image\\\/\",\"url\":\"https:\\\/\\\/www.softswiss.com\\\/wp-content\\\/uploads\\\/2022\\\/04\\\/softswiss-logo-icon.jpg\",\"contentUrl\":\"https:\\\/\\\/www.softswiss.com\\\/wp-content\\\/uploads\\\/2022\\\/04\\\/softswiss-logo-icon.jpg\",\"width\":1024,\"height\":1024,\"caption\":\"SOFTSWISS\"},\"image\":{\"@id\":\"https:\\\/\\\/www.softswiss.com\\\/es\\\/#\\\/schema\\\/logo\\\/image\\\/\"}},{\"@type\":\"Person\",\"@id\":\"https:\\\/\\\/www.softswiss.com\\\/es\\\/#\\\/schema\\\/person\\\/0131b122a5cd1ff8522006d3169f3d9b\",\"name\":\"Pavel Mikhalenia\",\"image\":{\"@type\":\"ImageObject\",\"inLanguage\":\"es\",\"@id\":\"https:\\\/\\\/secure.gravatar.com\\\/avatar\\\/4c80f753a0e6d3650e7a26a0862d7d48e297cf1ba981dec290729796ade48447?s=96&d=mm&r=g\",\"url\":\"https:\\\/\\\/secure.gravatar.com\\\/avatar\\\/4c80f753a0e6d3650e7a26a0862d7d48e297cf1ba981dec290729796ade48447?s=96&d=mm&r=g\",\"contentUrl\":\"https:\\\/\\\/secure.gravatar.com\\\/avatar\\\/4c80f753a0e6d3650e7a26a0862d7d48e297cf1ba981dec290729796ade48447?s=96&d=mm&r=g\",\"caption\":\"Pavel Mikhalenia\"},\"sameAs\":[\"https:\\\/\\\/www.linkedin.com\\\/in\\\/pavelmikh\\\/\"],\"url\":\"https:\\\/\\\/www.softswiss.com\\\/es\\\/authors\\\/pavel-mikhalenia\\\/\"}]}<\/script>\n<!-- \/ Yoast SEO plugin. -->","yoast_head_json":{"title":"Rubens Barrichello inaugurar\u00e1 SiGMA Americas 2025 | SOFTSWISS","description":"Rubens Barrichello, Director No Ejecutivo en Am\u00e9rica Latina de SOFTSWISS, dar\u00e1 un inspirador discurso en la apertura del evento el 8 de abril.","robots":{"index":"index","follow":"follow","max-snippet":"max-snippet:-1","max-image-preview":"max-image-preview:large","max-video-preview":"max-video-preview:-1"},"canonical":"https:\/\/www.softswiss.com\/es\/news\/barrichello-sigma-americas-2025-keynote-speech\/","og_locale":"es_ES","og_type":"article","og_title":"Rubens Barrichello inaugurar\u00e1 SiGMA Americas 2025 | SOFTSWISS","og_description":"Rubens Barrichello, Director No Ejecutivo en Am\u00e9rica Latina de SOFTSWISS, dar\u00e1 un inspirador discurso en la apertura del evento el 8 de abril.","og_url":"https:\/\/www.softswiss.com\/es\/news\/barrichello-sigma-americas-2025-keynote-speech\/","og_site_name":"SOFTSWISS","article_published_time":"2025-04-01T15:56:00+00:00","og_image":[{"width":1200,"height":627,"url":"https:\/\/www.softswiss.com\/wp-content\/uploads\/2025\/04\/1200x627.webp","type":"image\/webp"}],"author":"Pavel Mikhalenia","twitter_card":"summary_large_image","twitter_misc":{"Escrito por":"Pavel Mikhalenia"},"schema":{"@context":"https:\/\/schema.org","@graph":[{"@type":"Article","@id":"https:\/\/www.softswiss.com\/es\/news\/barrichello-sigma-americas-2025-keynote-speech\/#article","isPartOf":{"@id":"https:\/\/www.softswiss.com\/es\/news\/barrichello-sigma-americas-2025-keynote-speech\/"},"author":{"name":"Pavel Mikhalenia","@id":"https:\/\/www.softswiss.com\/es\/#\/schema\/person\/0131b122a5cd1ff8522006d3169f3d9b"},"headline":"Rubens Barrichello inaugurar\u00e1 SiGMA Americas 2025 con un discurso principal","datePublished":"2025-04-01T15:56:00+00:00","mainEntityOfPage":{"@id":"https:\/\/www.softswiss.com\/es\/news\/barrichello-sigma-americas-2025-keynote-speech\/"},"wordCount":46,"publisher":{"@id":"https:\/\/www.softswiss.com\/es\/#organization"},"image":{"@id":"https:\/\/www.softswiss.com\/es\/news\/barrichello-sigma-americas-2025-keynote-speech\/#primaryimage"},"thumbnailUrl":"https:\/\/www.softswiss.com\/wp-content\/uploads\/2025\/04\/1200x800-no-text-1.webp","articleSection":["Noticias"],"inLanguage":"es"},{"@type":"WebPage","@id":"https:\/\/www.softswiss.com\/es\/news\/barrichello-sigma-americas-2025-keynote-speech\/","url":"https:\/\/www.softswiss.com\/es\/news\/barrichello-sigma-americas-2025-keynote-speech\/","name":"Rubens Barrichello inaugurar\u00e1 SiGMA Americas 2025 | SOFTSWISS","isPartOf":{"@id":"https:\/\/www.softswiss.com\/es\/#website"},"primaryImageOfPage":{"@id":"https:\/\/www.softswiss.com\/es\/news\/barrichello-sigma-americas-2025-keynote-speech\/#primaryimage"},"image":{"@id":"https:\/\/www.softswiss.com\/es\/news\/barrichello-sigma-americas-2025-keynote-speech\/#primaryimage"},"thumbnailUrl":"https:\/\/www.softswiss.com\/wp-content\/uploads\/2025\/04\/1200x800-no-text-1.webp","datePublished":"2025-04-01T15:56:00+00:00","description":"Rubens Barrichello, Director No Ejecutivo en Am\u00e9rica Latina de SOFTSWISS, dar\u00e1 un inspirador discurso en la apertura del evento el 8 de abril.","breadcrumb":{"@id":"https:\/\/www.softswiss.com\/es\/news\/barrichello-sigma-americas-2025-keynote-speech\/#breadcrumb"},"inLanguage":"es","potentialAction":[{"@type":"ReadAction","target":["https:\/\/www.softswiss.com\/es\/news\/barrichello-sigma-americas-2025-keynote-speech\/"]}]},{"@type":"ImageObject","inLanguage":"es","@id":"https:\/\/www.softswiss.com\/es\/news\/barrichello-sigma-americas-2025-keynote-speech\/#primaryimage","url":"https:\/\/www.softswiss.com\/wp-content\/uploads\/2025\/04\/1200x800-no-text-1.webp","contentUrl":"https:\/\/www.softswiss.com\/wp-content\/uploads\/2025\/04\/1200x800-no-text-1.webp","width":1200,"height":800,"caption":"Rubens Barrichello and SOFTSWISS Logo"},{"@type":"BreadcrumbList","@id":"https:\/\/www.softswiss.com\/es\/news\/barrichello-sigma-americas-2025-keynote-speech\/#breadcrumb","itemListElement":[{"@type":"ListItem","position":1,"name":"Home","item":"https:\/\/www.softswiss.com\/es\/"},{"@type":"ListItem","position":2,"name":"Rubens Barrichello inaugurar\u00e1 SiGMA Americas 2025 con un discurso principal"}]},{"@type":"WebSite","@id":"https:\/\/www.softswiss.com\/es\/#website","url":"https:\/\/www.softswiss.com\/es\/","name":"SOFTSWISS","description":"iGaming software provider","publisher":{"@id":"https:\/\/www.softswiss.com\/es\/#organization"},"potentialAction":[{"@type":"SearchAction","target":{"@type":"EntryPoint","urlTemplate":"https:\/\/www.softswiss.com\/es\/?s={search_term_string}"},"query-input":{"@type":"PropertyValueSpecification","valueRequired":true,"valueName":"search_term_string"}}],"inLanguage":"es"},{"@type":"Organization","@id":"https:\/\/www.softswiss.com\/es\/#organization","name":"SOFTSWISS","url":"https:\/\/www.softswiss.com\/es\/","logo":{"@type":"ImageObject","inLanguage":"es","@id":"https:\/\/www.softswiss.com\/es\/#\/schema\/logo\/image\/","url":"https:\/\/www.softswiss.com\/wp-content\/uploads\/2022\/04\/softswiss-logo-icon.jpg","contentUrl":"https:\/\/www.softswiss.com\/wp-content\/uploads\/2022\/04\/softswiss-logo-icon.jpg","width":1024,"height":1024,"caption":"SOFTSWISS"},"image":{"@id":"https:\/\/www.softswiss.com\/es\/#\/schema\/logo\/image\/"}},{"@type":"Person","@id":"https:\/\/www.softswiss.com\/es\/#\/schema\/person\/0131b122a5cd1ff8522006d3169f3d9b","name":"Pavel Mikhalenia","image":{"@type":"ImageObject","inLanguage":"es","@id":"https:\/\/secure.gravatar.com\/avatar\/4c80f753a0e6d3650e7a26a0862d7d48e297cf1ba981dec290729796ade48447?s=96&d=mm&r=g","url":"https:\/\/secure.gravatar.com\/avatar\/4c80f753a0e6d3650e7a26a0862d7d48e297cf1ba981dec290729796ade48447?s=96&d=mm&r=g","contentUrl":"https:\/\/secure.gravatar.com\/avatar\/4c80f753a0e6d3650e7a26a0862d7d48e297cf1ba981dec290729796ade48447?s=96&d=mm&r=g","caption":"Pavel Mikhalenia"},"sameAs":["https:\/\/www.linkedin.com\/in\/pavelmikh\/"],"url":"https:\/\/www.softswiss.com\/es\/authors\/pavel-mikhalenia\/"}]}},"fimg_url":"https:\/\/www.softswiss.com\/wp-content\/uploads\/2025\/04\/1200x800-no-text-1.webp","_links":{"self":[{"href":"https:\/\/www.softswiss.com\/es\/wp-json\/wp\/v2\/posts\/236010","targetHints":{"allow":["GET"]}}],"collection":[{"href":"https:\/\/www.softswiss.com\/es\/wp-json\/wp\/v2\/posts"}],"about":[{"href":"https:\/\/www.softswiss.com\/es\/wp-json\/wp\/v2\/types\/post"}],"author":[{"embeddable":true,"href":"https:\/\/www.softswiss.com\/es\/wp-json\/wp\/v2\/users\/43"}],"replies":[{"embeddable":true,"href":"https:\/\/www.softswiss.com\/es\/wp-json\/wp\/v2\/comments?post=236010"}],"version-history":[{"count":1,"href":"https:\/\/www.softswiss.com\/es\/wp-json\/wp\/v2\/posts\/236010\/revisions"}],"predecessor-version":[{"id":236014,"href":"https:\/\/www.softswiss.com\/es\/wp-json\/wp\/v2\/posts\/236010\/revisions\/236014"}],"wp:featuredmedia":[{"embeddable":true,"href":"https:\/\/www.softswiss.com\/es\/wp-json\/wp\/v2\/media\/235436"}],"wp:attachment":[{"href":"https:\/\/www.softswiss.com\/es\/wp-json\/wp\/v2\/media?parent=236010"}],"wp:term":[{"taxonomy":"category","embeddable":true,"href":"https:\/\/www.softswiss.com\/es\/wp-json\/wp\/v2\/categories?post=236010"},{"taxonomy":"post_tag","embeddable":true,"href":"https:\/\/www.softswiss.com\/es\/wp-json\/wp\/v2\/tags?post=236010"}],"curies":[{"name":"wp","href":"https:\/\/api.w.org\/{rel}","templated":true}]}}